

{"id":9220,"date":"2019-11-16T16:43:00","date_gmt":"2019-11-16T15:43:00","guid":{"rendered":"https:\/\/www.camping-airial.com\/2019\/11\/16\/feste-in-soustons\/"},"modified":"2024-03-20T15:00:48","modified_gmt":"2024-03-20T14:00:48","slug":"feste-in-soustons","status":"publish","type":"post","link":"https:\/\/www.camping-airial.com\/de\/2019\/11\/16\/feste-in-soustons\/","title":{"rendered":"Feste in Soustons"},"content":{"rendered":"\n\n[et_pb_section fb_built=&#8220;1&#8243; _builder_version=&#8220;4.17.6&#8243; _module_preset=&#8220;default&#8220; global_colors_info=&#8220;{}&#8220;][et_pb_row _builder_version=&#8220;4.17.6&#8243; _module_preset=&#8220;default&#8220; custom_margin=&#8220;3px|auto||auto||&#8220; global_colors_info=&#8220;{}&#8220;][et_pb_column type=&#8220;4_4&#8243; _builder_version=&#8220;4.17.6&#8243; _module_preset=&#8220;default&#8220; global_colors_info=&#8220;{}&#8220;][et_pb_text _builder_version=&#8220;4.17.6&#8243; _module_preset=&#8220;default&#8220; custom_padding=&#8220;||1px|||&#8220; global_colors_info=&#8220;{}&#8220;]<p><strong>Jedes Jahr das Gleiche, und doch \u00e4ndert es sich jedes Jahr!<\/strong>  Das Unver\u00e4nderliche ist die Jahreszeit. Die Temperatur und die Sonne erlauben leichte Kleidung, die Umgebungsluft tr\u00e4gt Lieder und Bandas-Melodien mit sich, die Abende sind geeignet, um sich zu erfreuen und alle Arten von Unterhaltung zu genie\u00dfen.<\/p>\n<p><strong>Unerwartetes und Erhofftes &#8211; das ist das Programm der Feierlichkeiten<\/strong> Anfang August in Soustons. Die &#8222;Kartelle&#8220; der Stierk\u00e4mpfe, die Orchester und Musikgruppen, die Akteure des Landaise-Rennens, die Innovationen und die unumg\u00e4nglichen Dinge, die Abende und die Tage, die neuen Attraktionen und Fahrgesch\u00e4fte &#8211; all das deutet auf ein gro\u00dfartiges festliches und geselliges &#8222;Abenteuer&#8220; hin. Und das Ganze hat einen Namen: &#8222;Les F\u00eates de Soustons&#8220; (Die Feste von Soustons). In diesem Jahr, vom <strong>6. bis 10. August 2020<\/strong>, werden sie ihre Pracht und ihren Schwung entfalten, um jedem ein paar Tage gemeinsamen Gl\u00fccks zu schenken.<\/p>\n<p>Vielen Dank an <strong>das Festkomitee <\/strong>f\u00fcr die enorme Arbeit, die es bei dieser Gelegenheit geleistet hat, vielen Dank an die Vereine, H\u00e4ndler, Unternehmen, verschiedenen Partner und das Gemeindepersonal. Danke an die Polizei, die Rettungskr\u00e4fte, die Presse und an alle Freiwilligen, die so viel geben, damit diese sich st\u00e4ndig erneuernde Chemie auch weiterhin ein Fest bleibt.<\/p>\n<p><strong>Eine sch\u00f6ne Feria f\u00fcr alle!<\/strong><br><em>Die Stadtverwaltung von Soustons<\/em><\/p>\n<p>Das gesamte Festprogramm finden Sie auf der Website der Stadt Soustons: <a href=\"http:\/\/www.mairie-soustons.fr\/\">www.mairie-soustons.fr<\/a><\/p>\n<p>&nbsp;<\/p>[\/et_pb_text][\/et_pb_column][\/et_pb_row][\/et_pb_section]\n\n","protected":false},"excerpt":{"rendered":"<p>Jedes Jahr das Gleiche, und doch \u00e4ndert es sich jedes Jahr! Das Unver\u00e4nderliche ist die Jahreszeit. Die Temperatur und die Sonne erlauben leichte Kleidung, die Umgebungsluft tr\u00e4gt Lieder und Bandas-Melodien mit sich, die Abende sind geeignet, um sich zu erfreuen und alle Arten von Unterhaltung zu genie\u00dfen. Unerwartetes und Erhofftes &#8211; das ist das Programm [&hellip;]<\/p>\n","protected":false},"author":1,"featured_media":0,"comment_status":"open","ping_status":"open","sticky":false,"template":"","format":"standard","meta":{"_et_pb_use_builder":"on","_et_pb_old_content":"","_et_gb_content_width":"","footnotes":""},"categories":[137],"tags":[],"class_list":["post-9220","post","type-post","status-publish","format-standard","hentry","category-veranstaltungen"],"_links":{"self":[{"href":"https:\/\/www.camping-airial.com\/de\/wp-json\/wp\/v2\/posts\/9220","targetHints":{"allow":["GET"]}}],"collection":[{"href":"https:\/\/www.camping-airial.com\/de\/wp-json\/wp\/v2\/posts"}],"about":[{"href":"https:\/\/www.camping-airial.com\/de\/wp-json\/wp\/v2\/types\/post"}],"author":[{"embeddable":true,"href":"https:\/\/www.camping-airial.com\/de\/wp-json\/wp\/v2\/users\/1"}],"replies":[{"embeddable":true,"href":"https:\/\/www.camping-airial.com\/de\/wp-json\/wp\/v2\/comments?post=9220"}],"version-history":[{"count":0,"href":"https:\/\/www.camping-airial.com\/de\/wp-json\/wp\/v2\/posts\/9220\/revisions"}],"wp:attachment":[{"href":"https:\/\/www.camping-airial.com\/de\/wp-json\/wp\/v2\/media?parent=9220"}],"wp:term":[{"taxonomy":"category","embeddable":true,"href":"https:\/\/www.camping-airial.com\/de\/wp-json\/wp\/v2\/categories?post=9220"},{"taxonomy":"post_tag","embeddable":true,"href":"https:\/\/www.camping-airial.com\/de\/wp-json\/wp\/v2\/tags?post=9220"}],"curies":[{"name":"wp","href":"https:\/\/api.w.org\/{rel}","templated":true}]}}