

{"id":5081,"date":"2019-11-16T16:43:00","date_gmt":"2019-11-16T15:43:00","guid":{"rendered":"https:\/\/www.camping-airial.com\/2019\/11\/16\/fiestas-de-soustons\/"},"modified":"2023-01-04T18:13:01","modified_gmt":"2023-01-04T17:13:01","slug":"fiestas-de-soustons","status":"publish","type":"post","link":"https:\/\/www.camping-airial.com\/es\/2019\/11\/16\/fiestas-de-soustons\/","title":{"rendered":"Fiestas de Soustons"},"content":{"rendered":"\n\n[et_pb_section fb_built=\u00bb1&#8243; _builder_version=\u00bb4.17.6&#8243; _module_preset=\u00bbdefault\u00bb global_colors_info=\u00bb{}\u00bb][et_pb_row _builder_version=\u00bb4.17.6&#8243; _module_preset=\u00bbdefault\u00bb custom_margin=\u00bb3px|auto||auto||\u00bb global_colors_info=\u00bb{}\u00bb][et_pb_column type=\u00bb4_4&#8243; _builder_version=\u00bb4.17.6&#8243; _module_preset=\u00bbdefault\u00bb global_colors_info=\u00bb{}\u00bb][et_pb_text _builder_version=\u00bb4.17.6&#8243; _module_preset=\u00bbdefault\u00bb custom_padding=\u00bb||1px|||\u00bb global_colors_info=\u00bb{}\u00bb]<p><strong>Todos los a\u00f1os es lo mismo, \u00a1y sin embargo todos los a\u00f1os cambia!<\/strong>  Lo inmutable es la estaci\u00f3n. La temperatura y el sol permiten vestir con ligereza, el aire lleva canciones y melod\u00edas de bandas, las noches son propicias para juergas y diversiones de todo tipo.<\/p>\n<p><strong>Lo inesperado y lo esperado, \u00e9ste es el programa de las fiestas<\/strong> de principios de agosto en Soustons. Los \u00abcarteles\u00bb de las corridas de toros, las orquestas y los grupos musicales, los actores de la carrera de las Landas, las novedades y las visitas obligadas, las veladas y las jornadas, las atracciones y las nuevas atracciones, todo ello prefigura una formidable \u00abaventura\u00bb festiva y de convivencia. Y todo tiene un nombre: \u00abLes F\u00eates de Soustons\u00bb. Este a\u00f1o, del <strong>6 al 10 de agosto de 2020<\/strong>, desplegar\u00e1n su esplendor y su esp\u00edritu para regalar a todos unos d\u00edas de felicidad compartida.<\/p>\n<p>Gracias <strong>a la Comisi\u00f3n de Fiestas <\/strong>por el enorme trabajo realizado en esta ocasi\u00f3n, y gracias a las asociaciones, los comerciantes, las empresas, los distintos colaboradores y el personal municipal. Gracias a la polic\u00eda, a los socorristas, a los medios de comunicaci\u00f3n y a todos los voluntarios que dan tanto para que esta alquimia siempre renovada siga siendo una fiesta.<\/p>\n<p><strong>\u00a1Feliz Feria a todos!<\/strong><br><em>El municipio de Soustons<\/em><\/p>\n<p>Encuentre todo el programa de las fiestas en la p\u00e1gina web de la ciudad de Soustons: <a href=\"http:\/\/www.mairie-soustons.fr\/\">www.mairie-soustons.fr<\/a><\/p>\n<p>&nbsp;<\/p>[\/et_pb_text][\/et_pb_column][\/et_pb_row][\/et_pb_section]\n\n","protected":false},"excerpt":{"rendered":"<p>Todos los a\u00f1os es lo mismo, \u00a1y sin embargo todos los a\u00f1os cambia! Lo inmutable es la estaci\u00f3n. La temperatura y el sol permiten vestir con ligereza, el aire lleva canciones y melod\u00edas de bandas, las noches son propicias para juergas y diversiones de todo tipo. Lo inesperado y lo esperado, \u00e9ste es el programa [&hellip;]<\/p>\n","protected":false},"author":1,"featured_media":0,"comment_status":"open","ping_status":"open","sticky":false,"template":"","format":"standard","meta":{"_et_pb_use_builder":"on","_et_pb_old_content":"","_et_gb_content_width":"","footnotes":""},"categories":[102],"tags":[],"class_list":["post-5081","post","type-post","status-publish","format-standard","hentry","category-eventos"],"_links":{"self":[{"href":"https:\/\/www.camping-airial.com\/es\/wp-json\/wp\/v2\/posts\/5081","targetHints":{"allow":["GET"]}}],"collection":[{"href":"https:\/\/www.camping-airial.com\/es\/wp-json\/wp\/v2\/posts"}],"about":[{"href":"https:\/\/www.camping-airial.com\/es\/wp-json\/wp\/v2\/types\/post"}],"author":[{"embeddable":true,"href":"https:\/\/www.camping-airial.com\/es\/wp-json\/wp\/v2\/users\/1"}],"replies":[{"embeddable":true,"href":"https:\/\/www.camping-airial.com\/es\/wp-json\/wp\/v2\/comments?post=5081"}],"version-history":[{"count":0,"href":"https:\/\/www.camping-airial.com\/es\/wp-json\/wp\/v2\/posts\/5081\/revisions"}],"wp:attachment":[{"href":"https:\/\/www.camping-airial.com\/es\/wp-json\/wp\/v2\/media?parent=5081"}],"wp:term":[{"taxonomy":"category","embeddable":true,"href":"https:\/\/www.camping-airial.com\/es\/wp-json\/wp\/v2\/categories?post=5081"},{"taxonomy":"post_tag","embeddable":true,"href":"https:\/\/www.camping-airial.com\/es\/wp-json\/wp\/v2\/tags?post=5081"}],"curies":[{"name":"wp","href":"https:\/\/api.w.org\/{rel}","templated":true}]}}