

{"id":9202,"date":"2024-03-20T14:13:52","date_gmt":"2024-03-20T13:13:52","guid":{"rendered":"https:\/\/www.camping-airial.com\/2024\/03\/20\/celebracion-de-soustons-2024\/"},"modified":"2024-03-20T14:58:21","modified_gmt":"2024-03-20T13:58:21","slug":"celebracion-de-soustons-2024","status":"publish","type":"post","link":"https:\/\/www.camping-airial.com\/es\/2024\/03\/20\/celebracion-de-soustons-2024\/","title":{"rendered":"Celebraci\u00f3n de Soustons 2024"},"content":{"rendered":"<p>[et_pb_section fb_built=\u00bb1&#8243; _builder_version=\u00bb4.19.2&#8243; custom_padding=\u00bb2px|||||\u00bb global_colors_info=\u00bb{}\u00bb][et_pb_row _builder_version=\u00bb4.19.2&#8243; background_size=\u00bbinitial\u00bb background_position=\u00bbtop_left\u00bb background_repeat=\u00bbrepeat\u00bb custom_padding=\u00bb12px|||||\u00bb global_colors_info=\u00bb{}\u00bb][et_pb_column type=\u00bb4_4&#8243; _builder_version=\u00bb4.19.2&#8243; _module_preset=\u00bbdefault\u00bb global_colors_info=\u00bb{}\u00bb][et_pb_text _builder_version=\u00bb4.19.4&#8243; _module_preset=\u00bbdefault\u00bb global_colors_info=\u00bb{}\u00bb]<\/p>\n<p style=\"text-align: center;\">\n<p style=\"text-align: center;\"><strong><span style=\"font-size: large;\"> <span style=\"font-size: x-large;\">FESTIVALES DE SOUSTONS 2024: del 8 al 11 de agosto<\/span><\/span><br \/><\/strong><\/p>\n<p><strong>Cada a\u00f1o, en los pueblos de la regi\u00f3n de las Landas, una tradici\u00f3n les confiere un esp\u00edritu festivo: las F\u00e9rias.  <\/strong><\/p>\n<p><strong>Y Soustons no es una excepci\u00f3n. Las calles cobran vida con tradiciones, espect\u00e1culos y animadas veladas durante varios d\u00edas.  <\/strong><\/p>\n<p><strong> <\/strong><\/p>\n<p><strong>Para empezar, un conjunto blanco, un cintur\u00f3n y un pa\u00f1uelo azul a juego con el tema.<\/strong><\/p>\n<p><strong> <\/strong><\/p>\n<p><strong>Programa del d\u00eda :  <\/strong><\/p>\n<p><strong>Visite el parque de atracciones, donde peque\u00f1os y mayores encontrar\u00e1n mucho con lo que divertirse (y picar algo).<\/strong><\/p>\n<p><strong>Y para los m\u00e1s deportistas, el primer d\u00eda de las fiestas, descubra la ciudad desde otro \u00e1ngulo con una carrera de 10 km por el coraz\u00f3n de la ciudad. Para m\u00e1s informaci\u00f3n: https: <a href=\"https:\/\/www.camping-airial.com\/es\/2022\/07\/04\/los-10-km-de-soustons-la-carrera-emblematica-de-la-costa-sur-de-las-landas\/\">\/\/www.camping-airial.com\/2022\/07\/04\/tous-a-velo-copy\/<\/a> <\/strong><\/p>\n<p><strong> <\/strong><\/p>\n<p><strong>A primera hora de la tarde, disfrute de los diversos espect\u00e1culos landeses que se ofrecen en los ruedos: una carrera de vacas landesas y otros espect\u00e1culos taurinos, una actuaci\u00f3n de zancudos, un toro de fuego o un castillo de fuegos artificiales. Despu\u00e9s, vaya a comer a uno de los diferentes tiaps y escuche las bandas para una inmersi\u00f3n total.  <br \/><\/strong><\/p>\n<p><strong> <\/strong><\/p>\n<p><strong>Y cuando el sol se pone sobre Soustons, la fiesta adquiere una dimensi\u00f3n totalmente nueva.  <\/strong><\/p>\n<p><strong>Las calles se iluminan y los bares y restaurantes se transforman en festivos lugares de encuentro para los habitantes de Soustonnais y cualquiera que desee pasar un momento de convivencia.  <\/strong><\/p>\n<p><strong> <\/strong><\/p>\n<p><strong>Tanto si viene en familia, con amigos o en pareja, \u00a1no olvidar\u00e1 este d\u00eda!<\/strong><\/p>\n<p>&nbsp;<\/p>\n<p>[\/et_pb_text][\/et_pb_column][\/et_pb_row][et_pb_row _builder_version=\u00bb4.19.4&#8243; _module_preset=\u00bbdefault\u00bb custom_padding=\u00bb||0px|||\u00bb global_colors_info=\u00bb{}\u00bb][et_pb_column type=\u00bb4_4&#8243; _builder_version=\u00bb4.19.4&#8243; _module_preset=\u00bbdefault\u00bb global_colors_info=\u00bb{}\u00bb][et_pb_image src=\u00bbhttps:\/\/www.camping-airial.com\/wp-content\/uploads\/2024\/03\/P8057699.jpg\u00bb alt=\u00bbvista exterior de una mobil home confort 2&#8243; title_text=\u00bbP8057699&#8243; _builder_version=\u00bb4.24.2&#8243; _module_preset=\u00bbdefault\u00bb transform_scale=\u00bb79%|79%\u00bb hover_enabled=\u00bb0&#8243; global_colors_info=\u00bb{}\u00bb sticky_enabled=\u00bb0&#8243;][\/et_pb_image][et_pb_image src=\u00bbhttps:\/\/www.camping-airial.com\/wp-content\/uploads\/2024\/03\/10km-arenes.jpg\u00bb alt=\u00bbvista exterior de una mobil home confort 2&#8243; title_text=\u00bbLa &quot;10K&quot; navide\u00f1a ya est\u00e1 en marcha\u00bb _builder_version=\u00bb4.24.2&#8243; _module_preset=\u00bbdefault\u00bb transform_scale=\u00bb79%|79%\u00bb hover_enabled=\u00bb0&#8243; global_colors_info=\u00bb{}\u00bb sticky_enabled=\u00bb0&#8243;][\/et_pb_image][\/et_pb_column][\/et_pb_row][et_pb_row _builder_version=\u00bb4.19.4&#8243; _module_preset=\u00bbdefault\u00bb custom_margin=\u00bb-36px|auto||auto||\u00bb hover_enabled=\u00bb0&#8243; global_colors_info=\u00bb{}\u00bb sticky_enabled=\u00bb0&#8243;][et_pb_column type=\u00bb4_4&#8243; _builder_version=\u00bb4.19.4&#8243; _module_preset=\u00bbdefault\u00bb global_colors_info=\u00bb{}\u00bb][et_pb_text _builder_version=\u00bb4.24.2&#8243; _module_preset=\u00bbdefault\u00bb hover_enabled=\u00bb0&#8243; sticky_enabled=\u00bb0&#8243;]<\/p>\n<p>El programa festivo completo: https: <a href=\"https:\/\/www.soustons.fr\/les-fetes-de-soustons\/\">\/\/www.soustons.fr\/les-fetes-de-soustons\/<\/a> <\/p>\n<p>[\/et_pb_text][\/et_pb_column][\/et_pb_row][et_pb_row _builder_version=\u00bb4.19.4&#8243; _module_preset=\u00bbdefault\u00bb global_colors_info=\u00bb{}\u00bb][et_pb_column type=\u00bb4_4&#8243; _builder_version=\u00bb4.19.4&#8243; _module_preset=\u00bbdefault\u00bb global_colors_info=\u00bb{}\u00bb][et_pb_image src=\u00bbhttps:\/\/www.camping-airial.com\/wp-content\/uploads\/2024\/03\/96529986_3599489096744744_1725038138008535040_o.jpg\u00bb alt=\u00bbMTB Landas\u00bb title_text=\u00bb96529986_3599489096744744_1725038138008535040_o\u00bb _builder_version=\u00bb4.24.2&#8243; _module_preset=\u00bbdefault\u00bb hover_enabled=\u00bb0&#8243; global_colors_info=\u00bb{}\u00bb sticky_enabled=\u00bb0&#8243;][\/et_pb_image][\/et_pb_column][\/et_pb_row][et_pb_row _builder_version=\u00bb4.19.4&#8243; _module_preset=\u00bbdefault\u00bb global_colors_info=\u00bb{}\u00bb][et_pb_column type=\u00bb4_4&#8243; _builder_version=\u00bb4.19.4&#8243; _module_preset=\u00bbdefault\u00bb global_colors_info=\u00bb{}\u00bb][et_pb_comments _builder_version=\u00bb4.19.4&#8243; _module_preset=\u00bbdefault\u00bb global_colors_info=\u00bb{}\u00bb][\/et_pb_comments][\/et_pb_column][\/et_pb_row][\/et_pb_section]<\/p>\n","protected":false},"excerpt":{"rendered":"<p>FESTIVALES DE SOUSTONS 2024: del 8 al 11 de agosto Cada a\u00f1o, en los pueblos de la regi\u00f3n de las Landas, una tradici\u00f3n les confiere un esp\u00edritu festivo: las F\u00e9rias. Y Soustons no es una excepci\u00f3n. Las calles cobran vida con tradiciones, espect\u00e1culos y animadas veladas durante varios d\u00edas. Para empezar, un conjunto blanco, un [&hellip;]<\/p>\n","protected":false},"author":6,"featured_media":9175,"comment_status":"open","ping_status":"open","sticky":false,"template":"","format":"standard","meta":{"_et_pb_use_builder":"on","_et_pb_old_content":"","_et_gb_content_width":"","footnotes":""},"categories":[103,102,101],"tags":[170,168,118,171,115,169,167],"class_list":["post-9202","post","type-post","status-publish","format-standard","has-post-thumbnail","hentry","category-blog-es","category-eventos","category-novedades","tag-10-km-es","tag-2024-es","tag-paramos","tag-partes-contratantes","tag-soustons-es","tag-tradicion","tag-vacaciones"],"_links":{"self":[{"href":"https:\/\/www.camping-airial.com\/es\/wp-json\/wp\/v2\/posts\/9202","targetHints":{"allow":["GET"]}}],"collection":[{"href":"https:\/\/www.camping-airial.com\/es\/wp-json\/wp\/v2\/posts"}],"about":[{"href":"https:\/\/www.camping-airial.com\/es\/wp-json\/wp\/v2\/types\/post"}],"author":[{"embeddable":true,"href":"https:\/\/www.camping-airial.com\/es\/wp-json\/wp\/v2\/users\/6"}],"replies":[{"embeddable":true,"href":"https:\/\/www.camping-airial.com\/es\/wp-json\/wp\/v2\/comments?post=9202"}],"version-history":[{"count":0,"href":"https:\/\/www.camping-airial.com\/es\/wp-json\/wp\/v2\/posts\/9202\/revisions"}],"wp:featuredmedia":[{"embeddable":true,"href":"https:\/\/www.camping-airial.com\/es\/wp-json\/wp\/v2\/media\/9175"}],"wp:attachment":[{"href":"https:\/\/www.camping-airial.com\/es\/wp-json\/wp\/v2\/media?parent=9202"}],"wp:term":[{"taxonomy":"category","embeddable":true,"href":"https:\/\/www.camping-airial.com\/es\/wp-json\/wp\/v2\/categories?post=9202"},{"taxonomy":"post_tag","embeddable":true,"href":"https:\/\/www.camping-airial.com\/es\/wp-json\/wp\/v2\/tags?post=9202"}],"curies":[{"name":"wp","href":"https:\/\/api.w.org\/{rel}","templated":true}]}}