

{"id":9255,"date":"2023-08-03T16:40:42","date_gmt":"2023-08-03T14:40:42","guid":{"rendered":"https:\/\/www.camping-airial.com\/2023\/08\/03\/transporte-inteligente-en-el-camping-lairial-nature\/"},"modified":"2024-03-21T10:17:39","modified_gmt":"2024-03-21T09:17:39","slug":"transporte-inteligente-en-el-camping-lairial-nature","status":"publish","type":"post","link":"https:\/\/www.camping-airial.com\/es\/2023\/08\/03\/transporte-inteligente-en-el-camping-lairial-nature\/","title":{"rendered":"Transporte inteligente en el camping L&#8217;Airial nature"},"content":{"rendered":"<p>[et_pb_section fb_built=\u00bb1&#8243; theme_builder_area=\u00bbpost_content\u00bb _builder_version=\u00bb4.21.0&#8243; _module_preset=\u00bbdefault\u00bb][et_pb_row _builder_version=\u00bb4.21.0&#8243; _module_preset=\u00bbdefault\u00bb theme_builder_area=\u00bbpost_content\u00bb][et_pb_column _builder_version=\u00bb4.21.0&#8243; _module_preset=\u00bbdefault\u00bb type=\u00bb4_4&#8243; theme_builder_area=\u00bbpost_content\u00bb][et_pb_text _builder_version=\u00bb4.21.0&#8243; _module_preset=\u00bbdefault\u00bb theme_builder_area=\u00bbpost_content\u00bb hover_enabled=\u00bb0&#8243; sticky_enabled=\u00bb0&#8243;]<\/p>\n<table>\n<tbody>\n<tr>\n<td width=\"604\">\n<p><strong>Transporte inteligente en los alrededores del Camping Nature l&#8217;Airial<\/strong><\/p>\n<\/td>\n<\/tr>\n<\/tbody>\n<\/table>\n<p>&nbsp;<\/p>\n<p>Gracias a su parada de autob\u00fas regional <em>Airial<\/em>, el camping est\u00e1 idealmente situado para el transporte a las distintas ciudades de los alrededores. Tambi\u00e9n forma parte de un enfoque sostenible poder contar con un medio de transporte p\u00fablico que une el camping Airial con el centro de Soustons<em>(Isle Verte<\/em>), as\u00ed como con las playas (Soustons plage, Vieux-Boucau-les-Bains, Moliets-et-Maa, Messanges).<\/p>\n<p><a href=\"https:\/\/www.mobi-macs.org\/fileadmin\/mobimacs\/fiches_horaires\/YEGO_PLAGES_2023\/DEF\/YEGO_2_ETE2023.pdf\">https:\/\/www.mobi-macs.org\/fileadmin\/mobimacs\/fiches_horaires\/YEGO_PLAGES_2023\/DEF\/YEGO_2_ETE2023.pdf<\/a><\/p>\n<p><a href=\"https:\/\/www.mobi-macs.org\/fileadmin\/mobimacs\/fiches_horaires\/YEGO_PLAGES_2023\/DEF\/YEGO_3_ETE2023.pdf\">https:\/\/www.mobi-macs.org\/fileadmin\/mobimacs\/fiches_horaires\/YEGO_PLAGES_2023\/DEF\/YEGO_3_ETE2023.pdf<\/a><\/p>\n<p>El centro de Soustons<em>(Isle Verte<\/em> a 5 minutos en autob\u00fas) es tambi\u00e9n un buen punto de partida para visitar las atracciones tur\u00edsticas m\u00e1s conocidas de la regi\u00f3n: la l\u00ednea de autob\u00fas XLR7 va de Dax a Bayona, pasando por Hossegor, Capbreton y Labenne. As\u00ed, a horas regulares, puedes ir a las f\u00e9rias o a la playa como te plazca. La red tambi\u00e9n est\u00e1 conectada con las estaciones de Saint-Vincent-de-Tyrosse y Dax. \u00a1Se puede acceder a la regi\u00f3n a trav\u00e9s de la red Y\u00e9go!<\/p>\n<p><a href=\"https:\/\/www.capbreton-tourisme.com\/wp-content\/uploads\/sites\/2\/2023\/06\/NOUVEAU-SPECIAL-Les-Estivales-Fiche-horaire-Cars-regionaux-Dax-Bayonne-2.pdf\">https:\/\/www.capbreton-tourisme.com\/wp-content\/uploads\/sites\/2\/2023\/06\/NOUVEAU-SPECIAL-Les-Estivales-Fiche-horaire-Cars-regionaux-Dax-Bayonne-2.pdf<\/a><\/p>\n<p>[\/et_pb_text][\/et_pb_column][\/et_pb_row][et_pb_row _builder_version=\u00bb4.21.0&#8243; _module_preset=\u00bbdefault\u00bb column_structure=\u00bb1_2,1_2&#8243; theme_builder_area=\u00bbpost_content\u00bb][et_pb_column _builder_version=\u00bb4.21.0&#8243; _module_preset=\u00bbdefault\u00bb type=\u00bb1_2&#8243; theme_builder_area=\u00bbpost_content\u00bb][et_pb_slider _builder_version=\u00bb4.21.0&#8243; _module_preset=\u00bbdefault\u00bb theme_builder_area=\u00bbpost_content\u00bb title_text=\u00bbYEGO\u00bb background_image=\u00bbhttps:\/\/www.camping-airial.com\/wp-content\/uploads\/2023\/08\/YEGO.jpg\u00bb hover_enabled=\u00bb0&#8243; sticky_enabled=\u00bb0&#8243;][et_pb_slide heading=\u00bbYEGO\u00bb button_text=\u00bbClics\u00bb _builder_version=\u00bb4.21.0&#8243; _module_preset=\u00bbdefault\u00bb theme_builder_area=\u00bbpost_content\u00bb button_link=\u00bbhttps:\/\/www.mobi-macs.org\/fileadmin\/mobimacs\/fiches_horaires\/YEGO_PLAGES_2023\/DEF\/YEGO_2_ETE2023.pdf\u00bb hover_enabled=\u00bb0&#8243; sticky_enabled=\u00bb0&#8243;][\/et_pb_slide][et_pb_slide heading=\u00bbAutobuses YEGO\u00bb button_text=\u00bbClics\u00bb _builder_version=\u00bb4.21.0&#8243; _module_preset=\u00bbdefault\u00bb theme_builder_area=\u00bbpost_content\u00bb]<\/p>\n<p><span style=\"color: #141414;\">Su contenido va aqu\u00ed. Edite o elimine este texto en l\u00ednea o en el m\u00f3dulo Configuraci\u00f3n de contenido. Tambi\u00e9n puede aplicar estilo a cada aspecto de este contenido en la configuraci\u00f3n de dise\u00f1o del m\u00f3dulo e incluso aplicar CSS personalizado a este texto en la configuraci\u00f3n avanzada del m\u00f3dulo.<\/span><\/p>\n<p>[\/et_pb_slide][\/et_pb_slider][\/et_pb_column][et_pb_column _builder_version=\u00bb4.21.0&#8243; _module_preset=\u00bbdefault\u00bb type=\u00bb1_2&#8243; theme_builder_area=\u00bbpost_content\u00bb][et_pb_slider _builder_version=\u00bb4.21.0&#8243; _module_preset=\u00bbdefault\u00bb theme_builder_area=\u00bbpost_content\u00bb title_text=\u00bbXLR\u00bb background_image=\u00bbhttps:\/\/www.camping-airial.com\/wp-content\/uploads\/2023\/08\/XLR.png\u00bb hover_enabled=\u00bb0&#8243; sticky_enabled=\u00bb0&#8243; link_option_url=\u00bbhttps:\/\/www.capbreton-tourisme.com\/wp-content\/uploads\/sites\/2\/2023\/06\/NOUVEAU-SPECIAL-Les-Estivales-Fiche-horaire-Cars-regionaux-Dax-Bayonne-2.pdf\u00bb][et_pb_slide heading=\u00bbTarjeta  \u00bb button_text=\u00bbClics\u00bb _builder_version=\u00bb4.21.0&#8243; _module_preset=\u00bbdefault\u00bb theme_builder_area=\u00bbpost_content\u00bb][\/et_pb_slide][et_pb_slide heading=\u00bbSu t\u00edtulo va aqu\u00ed\u00bb button_text=\u00bbClics\u00bb _builder_version=\u00bb4.21.0&#8243; _module_preset=\u00bbdefault\u00bb theme_builder_area=\u00bbpost_content\u00bb]<\/p>\n<p>Su contenido va aqu\u00ed. Edite o elimine este texto en l\u00ednea o en el m\u00f3dulo Configuraci\u00f3n de contenido. Tambi\u00e9n puede dar estilo a cada aspecto de este contenido en la configuraci\u00f3n de dise\u00f1o del m\u00f3dulo e incluso aplicar CSS personalizado a este texto en la configuraci\u00f3n avanzada del m\u00f3dulo.<\/p>\n<p>[\/et_pb_slide][\/et_pb_slider][\/et_pb_column][\/et_pb_row][\/et_pb_section]<\/p>\n","protected":false},"excerpt":{"rendered":"<p>Transporte inteligente en los alrededores del Camping Nature l&#8217;Airial &nbsp; Gracias a su parada de autob\u00fas regional Airial, el camping est\u00e1 idealmente situado para el transporte a las distintas ciudades de los alrededores. Tambi\u00e9n forma parte de un enfoque sostenible poder contar con un medio de transporte p\u00fablico que une el camping Airial con el [&hellip;]<\/p>\n","protected":false},"author":6,"featured_media":9197,"comment_status":"open","ping_status":"open","sticky":false,"template":"","format":"standard","meta":{"_et_pb_use_builder":"on","_et_pb_old_content":"","_et_gb_content_width":"","footnotes":""},"categories":[103,102,101],"tags":[192,190,191,195,194,193],"class_list":["post-9255","post","type-post","status-publish","format-standard","has-post-thumbnail","hentry","category-blog-es","category-eventos","category-novedades","tag-autobus","tag-bicicletas","tag-carril-bici","tag-playa-de-las-landas","tag-transporte-gratuito","tag-yego-es"],"_links":{"self":[{"href":"https:\/\/www.camping-airial.com\/es\/wp-json\/wp\/v2\/posts\/9255","targetHints":{"allow":["GET"]}}],"collection":[{"href":"https:\/\/www.camping-airial.com\/es\/wp-json\/wp\/v2\/posts"}],"about":[{"href":"https:\/\/www.camping-airial.com\/es\/wp-json\/wp\/v2\/types\/post"}],"author":[{"embeddable":true,"href":"https:\/\/www.camping-airial.com\/es\/wp-json\/wp\/v2\/users\/6"}],"replies":[{"embeddable":true,"href":"https:\/\/www.camping-airial.com\/es\/wp-json\/wp\/v2\/comments?post=9255"}],"version-history":[{"count":0,"href":"https:\/\/www.camping-airial.com\/es\/wp-json\/wp\/v2\/posts\/9255\/revisions"}],"wp:featuredmedia":[{"embeddable":true,"href":"https:\/\/www.camping-airial.com\/es\/wp-json\/wp\/v2\/media\/9197"}],"wp:attachment":[{"href":"https:\/\/www.camping-airial.com\/es\/wp-json\/wp\/v2\/media?parent=9255"}],"wp:term":[{"taxonomy":"category","embeddable":true,"href":"https:\/\/www.camping-airial.com\/es\/wp-json\/wp\/v2\/categories?post=9255"},{"taxonomy":"post_tag","embeddable":true,"href":"https:\/\/www.camping-airial.com\/es\/wp-json\/wp\/v2\/tags?post=9255"}],"curies":[{"name":"wp","href":"https:\/\/api.w.org\/{rel}","templated":true}]}}